{"id":569,"date":"2010-04-19T10:28:30","date_gmt":"2010-04-19T10:28:30","guid":{"rendered":"http:\/\/pokochajciekubusia.pl\/?p=569"},"modified":"2010-04-19T10:28:30","modified_gmt":"2010-04-19T10:28:30","slug":"autyzm-jak-motyl","status":"publish","type":"post","link":"http:\/\/pokochajciekubusia.pl\/?p=569","title":{"rendered":"AUTYZM jak MOTYL.."},"content":{"rendered":"<p style=\"text-align: left;\"><a href=\"http:\/\/pokochajciekubusia.pl\/wp-content\/uploads\/2010\/04\/pami\u0119tnk-motyl1.gif\"><img loading=\"lazy\" class=\"alignleft size-full wp-image-591\" title=\"pami\u0119tnk motyl\" src=\"http:\/\/pokochajciekubusia.pl\/wp-content\/uploads\/2010\/04\/pami\u0119tnk-motyl1.gif\" alt=\"\" width=\"400\" height=\"344\" \/><\/a><\/p>\n<p align=\"right\"><strong><em>CZY I JA B\u0118D\u0118 MOTYLKIEM&#8230;<\/em><\/strong><\/p>\n<p align=\"right\"><strong><em>TAKIM DOBRYM PRZYJACIELEM NATURY..<\/em><\/strong><\/p>\n<p>Wyt\u0142umaczy\u0142em sobie , tak po swojemu dlaczego teraz jestem taki <strong>INNY<\/strong> . Wyt\u0142umaczy\u0142em i wiem, \u017ce kiedy\u015b b\u0119d\u0119 zdrowym ch\u0142opcem.<\/p>\n<p>S\u0142uchaj\u0105c bajeczek dowiedzia\u0142em si\u0119, \u017ce nie wszystkie zwierz\u0105tka, ro\u015blinki, kiedy przychodz\u0105 na \u015bwiat s\u0105 takie \u015bliczne i zdrowe. \u00a0Niekt\u00f3re potrzebuj\u0105 du\u017co czasu, piel\u0119gnowania, aby mog\u0142y ukaza\u0107 swoje pi\u0119kno . R\u00f3\u017cyczka, kiedy jest p\u0105czkiem nie wygl\u0105da tak magicznie, a kiedy si\u0119 rozwinie pod troskliw\u0105 opiek\u0105 ogrodnika ukazuje swoje p\u0142atki i jest \u015bliczna. Rozumiem tak po swojemu, \u017ce dzieci chore na r\u00f3\u017cne schorzenia, w tym dzieci z AUTYZMEM mo\u017cna przyr\u00f3wna\u0107 do rozwoju MOTYLKA<strong>. <\/strong><\/p>\n<p>Zobaczcie pi\u0119knego motyla. On kiedy\u015b by\u0142 brzydkim robakiem. Dzieci i duzi tak bardzo bali si\u0119 jego dotkn\u0105\u0107. Jako ta g\u0105sienica by\u0142 okropny i mia\u0142 jeszcze takie w\u0142oski na sobie.<\/p>\n<p>Mija\u0142y dni, tygodnie i brzydka g\u0105sienica sta\u0142a si\u0119 poczwark\u0105. Musia\u0142a poczeka\u0107 taka brzydka i nie lubiana. Nawet kura mog\u0142a j\u0105 zje\u015b\u0107, albo ptaszek. A potem zrodzi\u0142 si\u0119 ten \u00a0motylek. Ma kolorowe skrzyd\u0142a, przemieszcza si\u0119 \u00a0dostojnie .Jest nie tylko pi\u0119kny , ale bardzo przydatny w naturze.<\/p>\n<p>Jak ju\u017c kwiatki zaczynaj\u0105 kwitn\u0105\u0107 , no to on siada na nie i poi si\u0119 nektarem. Kwiatki goszcz\u0105 jego na swoich p\u0142atkach i s\u0105 zadowolone, \u017ce on ich odwiedzi\u0142. A \u00a0jak by\u0142 tak\u0105 brzydk\u0105 g\u0105sienic\u0105??? \u0141odygi ro\u015blinek j\u0105 z siebie. Nie chcia\u0142y nawet si\u0119 z nim podzieli\u0107 \u0142ykiem swoich soczk\u00f3w. MOTYLEK si\u0119 nie poddawa\u0142 , walczy\u0142 i wygra\u0142 ..<\/p>\n<p>Rozw\u00f3j takiego motylka, to tak jak m\u00f3j m\u00f3zg, moja chora g\u0142\u00f3wka. Teraz wi\u0119kszo\u015b\u0107 ludzi mnie nie rozumie. Patrz\u0105 na mnie dziwnie, jak ten m\u00f3j gniew wychodzi z g\u0142\u00f3wki i krzycz\u0119, albo nic nie m\u00f3wi\u0119. Nikt nie lubi niegrzecznych dzieci. Nie jestem niegrzeczny, jestem INNY Kiedy m\u00f3j m\u00f3zg ju\u017c wyzdrowieje b\u0119d\u0119 jak ten motylek. B\u0119d\u0119 mia\u0142 du\u017co koleg\u00f3w i kole\u017canki. Teraz jeszcze nie mam. Wtedy ja b\u0119d\u0119 im pomaga\u0142, jak dzisiaj mi pomagaj\u0105. B\u0119d\u0119 dobrym koleg\u0105 .<\/p>\n<p>Boziu,\u2026jak Ty tak pi\u0119knie ten \u015bwiat stworzy\u0142a\u015b. Trzeba to poj\u0105\u0107, \u017ce natura nie wszystkim od razu sprzyja. Nie wszystkie stworzonka, ludzie s\u0105 tacy sami. \u00a0Wszystkich trzeba kocha\u0107, szanowa\u0107 jednakowo. INNYCH trzeba te\u017c mocno kocha\u0107 . Jak mi kto\u015b pomo\u017ce, to ja b\u0119d\u0119 zdrowy i nie mo\u017cna odtr\u0105ca\u0107\u00a0 mnie przecie\u017c.<\/p>\n","protected":false},"excerpt":{"rendered":"<p>CZY I JA B\u0118D\u0118 MOTYLKIEM&#8230; TAKIM DOBRYM PRZYJACIELEM NATURY.. Wyt\u0142umaczy\u0142em sobie , tak po swojemu dlaczego teraz jestem taki INNY . Wyt\u0142umaczy\u0142em i wiem, \u017ce kiedy\u015b b\u0119d\u0119 zdrowym ch\u0142opcem. S\u0142uchaj\u0105c <a href=\"http:\/\/pokochajciekubusia.pl\/?p=569\" class=\"more-link\">[&hellip;]<\/a><\/p>\n","protected":false},"author":1,"featured_media":0,"comment_status":"open","ping_status":"closed","sticky":false,"template":"","format":"standard","meta":{"Layout":""},"categories":[2],"tags":[],"_links":{"self":[{"href":"http:\/\/pokochajciekubusia.pl\/index.php?rest_route=\/wp\/v2\/posts\/569"}],"collection":[{"href":"http:\/\/pokochajciekubusia.pl\/index.php?rest_route=\/wp\/v2\/posts"}],"about":[{"href":"http:\/\/pokochajciekubusia.pl\/index.php?rest_route=\/wp\/v2\/types\/post"}],"author":[{"embeddable":true,"href":"http:\/\/pokochajciekubusia.pl\/index.php?rest_route=\/wp\/v2\/users\/1"}],"replies":[{"embeddable":true,"href":"http:\/\/pokochajciekubusia.pl\/index.php?rest_route=%2Fwp%2Fv2%2Fcomments&post=569"}],"version-history":[{"count":0,"href":"http:\/\/pokochajciekubusia.pl\/index.php?rest_route=\/wp\/v2\/posts\/569\/revisions"}],"wp:attachment":[{"href":"http:\/\/pokochajciekubusia.pl\/index.php?rest_route=%2Fwp%2Fv2%2Fmedia&parent=569"}],"wp:term":[{"taxonomy":"category","embeddable":true,"href":"http:\/\/pokochajciekubusia.pl\/index.php?rest_route=%2Fwp%2Fv2%2Fcategories&post=569"},{"taxonomy":"post_tag","embeddable":true,"href":"http:\/\/pokochajciekubusia.pl\/index.php?rest_route=%2Fwp%2Fv2%2Ftags&post=569"}],"curies":[{"name":"wp","href":"https:\/\/api.w.org\/{rel}","templated":true}]}}